{"id":3110,"date":"2023-12-21T15:12:02","date_gmt":"2023-12-21T15:12:02","guid":{"rendered":"https:\/\/salinasdefuencaliente.es\/verduras-en-textura\/"},"modified":"2024-02-23T17:47:08","modified_gmt":"2024-02-23T17:47:08","slug":"gemuesetextur","status":"publish","type":"post","link":"https:\/\/salinasdefuencaliente.es\/de\/gemuesetextur\/","title":{"rendered":"Gem\u00fcsetextur"},"content":{"rendered":"<div class=\"xdj266r x11i5rnm xat24cr x1mh8g0r x1vvkbs x126k92a\">\n<div dir=\"auto\">Ein Gericht, das eine vielf\u00e4ltige Auswahl an Gem\u00fcse vereint, wobei jedes einer Vielzahl von Kochtechniken unterzogen wird, um einzigartige Texturen zu erzielen. Es wird auf einer Basis von Romesco-Sauce serviert und begleitet von eingelegtem Blumenkohl, Escalivada, sautiertem Gem\u00fcse und abgerundet mit einem frischen Blattsalat.<\/div>\n<\/div>\n<div class=\"x11i5rnm xat24cr x1mh8g0r x1vvkbs xtlvy1s x126k92a\">\n<div dir=\"auto\"><img decoding=\"async\" loading=\"lazy\" class=\"alignnone size-medium wp-image-2972\" src=\"https:\/\/salinasdefuencaliente.es\/wp-content\/uploads\/2023\/12\/Verduras-en-textura2-300x218.jpg\" alt=\"\" width=\"300\" height=\"218\" srcset=\"https:\/\/salinasdefuencaliente.es\/wp-content\/uploads\/2023\/12\/Verduras-en-textura2-300x218.jpg 300w, https:\/\/salinasdefuencaliente.es\/wp-content\/uploads\/2023\/12\/Verduras-en-textura2-1024x745.jpg 1024w, https:\/\/salinasdefuencaliente.es\/wp-content\/uploads\/2023\/12\/Verduras-en-textura2-768x559.jpg 768w, https:\/\/salinasdefuencaliente.es\/wp-content\/uploads\/2023\/12\/Verduras-en-textura2-700x509.jpg 700w, https:\/\/salinasdefuencaliente.es\/wp-content\/uploads\/2023\/12\/Verduras-en-textura2-500x364.jpg 500w, https:\/\/salinasdefuencaliente.es\/wp-content\/uploads\/2023\/12\/Verduras-en-textura2.jpg 1298w\" sizes=\"(max-width: 300px) 100vw, 300px\" \/><\/div>\n<\/div>\n","protected":false},"excerpt":{"rendered":"<p>Ein Gericht, das eine vielf\u00e4ltige Auswahl an Gem\u00fcse vereint, wobei jedes einer Vielzahl von Kochtechniken unterzogen wird, um einzigartige Texturen zu erzielen.<\/p>\n","protected":false},"author":7,"featured_media":2977,"comment_status":"closed","ping_status":"closed","sticky":false,"template":"","format":"standard","meta":[],"categories":[8],"tags":[233],"yoast_head":"<!-- This site is optimized with the Yoast SEO plugin v21.6 - https:\/\/yoast.com\/wordpress\/plugins\/seo\/ -->\n<title>Gem\u00fcsetextur - Salinas Marinas de Fuencaliente S.L.<\/title>\n<meta name=\"description\" content=\"Ein Gericht, das eine vielf\u00e4ltige Auswahl an Gem\u00fcse vereint, wobei jedes einer Vielzahl von Kochtechniken unterzogen wird, um ..\" \/>\n<meta name=\"robots\" content=\"index, follow, max-snippet:-1, max-image-preview:large, max-video-preview:-1\" \/>\n<link rel=\"canonical\" href=\"https:\/\/salinasdefuencaliente.es\/de\/gemuesetextur\/\" \/>\n<meta property=\"og:locale\" content=\"de_DE\" \/>\n<meta property=\"og:type\" content=\"article\" \/>\n<meta property=\"og:title\" content=\"Jardines de Sal\" \/>\n<meta property=\"og:description\" content=\"Nuestros &quot;jardines&quot; de sal situados encima de un paisaje volc\u00e1nico dotan el lugar de colores, formando preciosos contrastes\" \/>\n<meta property=\"og:url\" content=\"https:\/\/salinasdefuencaliente.es\/de\/gemuesetextur\/\" \/>\n<meta property=\"og:site_name\" content=\"Salinas Marinas de Fuencaliente S.L.\" \/>\n<meta property=\"article:published_time\" content=\"2023-12-21T15:12:02+00:00\" \/>\n<meta property=\"article:modified_time\" content=\"2024-02-23T17:47:08+00:00\" \/>\n<meta property=\"og:image\" content=\"https:\/\/salinasdefuencaliente.es\/wp-content\/uploads\/2023\/05\/jardines-sal.jpg\" \/>\n\t<meta property=\"og:image:width\" content=\"1440\" \/>\n\t<meta property=\"og:image:height\" content=\"960\" \/>\n\t<meta property=\"og:image:type\" content=\"image\/jpeg\" \/>\n<meta name=\"author\" content=\"Salinas Fuencaliente\" \/>\n<meta name=\"twitter:card\" content=\"summary_large_image\" \/>\n<meta name=\"twitter:title\" content=\"Jardines de Sal\" \/>\n<meta name=\"twitter:description\" content=\"Nuestros &quot;jardines&quot; de sal situados encima de un paisaje volc\u00e1nico dotan el lugar de colores, formando preciosos contrastes\" \/>\n<meta name=\"twitter:image\" content=\"https:\/\/salinasdefuencaliente.es\/wp-content\/uploads\/2023\/05\/jardines-sal.jpg\" \/>\n<meta name=\"twitter:label1\" content=\"Verfasst von\" \/>\n\t<meta name=\"twitter:data1\" content=\"Salinas Fuencaliente\" \/>\n\t<meta name=\"twitter:label2\" content=\"Gesch\u00e4tzte Lesezeit\" \/>\n\t<meta name=\"twitter:data2\" content=\"1\u00a0Minute\" \/>\n<script type=\"application\/ld+json\" class=\"yoast-schema-graph\">{\"@context\":\"https:\/\/schema.org\",\"@graph\":[{\"@type\":\"WebPage\",\"@id\":\"https:\/\/salinasdefuencaliente.es\/de\/gemuesetextur\/\",\"url\":\"https:\/\/salinasdefuencaliente.es\/de\/gemuesetextur\/\",\"name\":\"Gem\u00fcsetextur - Salinas Marinas de Fuencaliente S.L.\",\"isPartOf\":{\"@id\":\"https:\/\/salinasdefuencaliente.es\/#website\"},\"datePublished\":\"2023-12-21T15:12:02+00:00\",\"dateModified\":\"2024-02-23T17:47:08+00:00\",\"author\":{\"@id\":\"https:\/\/salinasdefuencaliente.es\/#\/schema\/person\/5bafdd860f4b9d9449a3d044ca1bb51a\"},\"description\":\"Ein Gericht, das eine vielf\u00e4ltige Auswahl an Gem\u00fcse vereint, wobei jedes einer Vielzahl von Kochtechniken unterzogen wird, um ..\",\"breadcrumb\":{\"@id\":\"https:\/\/salinasdefuencaliente.es\/de\/gemuesetextur\/#breadcrumb\"},\"inLanguage\":\"de\",\"potentialAction\":[{\"@type\":\"ReadAction\",\"target\":[\"https:\/\/salinasdefuencaliente.es\/de\/gemuesetextur\/\"]}]},{\"@type\":\"BreadcrumbList\",\"@id\":\"https:\/\/salinasdefuencaliente.es\/de\/gemuesetextur\/#breadcrumb\",\"itemListElement\":[{\"@type\":\"ListItem\",\"position\":1,\"name\":\"Portada\",\"item\":\"https:\/\/salinasdefuencaliente.es\/de\/\"},{\"@type\":\"ListItem\",\"position\":2,\"name\":\"Gem\u00fcsetextur\"}]},{\"@type\":\"WebSite\",\"@id\":\"https:\/\/salinasdefuencaliente.es\/#website\",\"url\":\"https:\/\/salinasdefuencaliente.es\/\",\"name\":\"Salinas Marinas de Fuencaliente S.L.\",\"description\":\"Un lugar donde el blanco y el negro se funde para dar vida. Salinas artesanales, en la Isla de La Palma, Canarias\",\"potentialAction\":[{\"@type\":\"SearchAction\",\"target\":{\"@type\":\"EntryPoint\",\"urlTemplate\":\"https:\/\/salinasdefuencaliente.es\/?s={search_term_string}\"},\"query-input\":\"required name=search_term_string\"}],\"inLanguage\":\"de\"},{\"@type\":\"Person\",\"@id\":\"https:\/\/salinasdefuencaliente.es\/#\/schema\/person\/5bafdd860f4b9d9449a3d044ca1bb51a\",\"name\":\"Salinas Fuencaliente\",\"image\":{\"@type\":\"ImageObject\",\"inLanguage\":\"de\",\"@id\":\"https:\/\/salinasdefuencaliente.es\/#\/schema\/person\/image\/\",\"url\":\"https:\/\/secure.gravatar.com\/avatar\/ab47216f4035c5f8cf981e5fdfaa69d3?s=96&d=mm&r=g\",\"contentUrl\":\"https:\/\/secure.gravatar.com\/avatar\/ab47216f4035c5f8cf981e5fdfaa69d3?s=96&d=mm&r=g\",\"caption\":\"Salinas Fuencaliente\"},\"url\":\"https:\/\/salinasdefuencaliente.es\/de\/author\/salinas-fuencaliente\/\"}]}<\/script>\n<!-- \/ Yoast SEO plugin. -->","yoast_head_json":{"title":"Gem\u00fcsetextur - Salinas Marinas de Fuencaliente S.L.","description":"Ein Gericht, das eine vielf\u00e4ltige Auswahl an Gem\u00fcse vereint, wobei jedes einer Vielzahl von Kochtechniken unterzogen wird, um ..","robots":{"index":"index","follow":"follow","max-snippet":"max-snippet:-1","max-image-preview":"max-image-preview:large","max-video-preview":"max-video-preview:-1"},"canonical":"https:\/\/salinasdefuencaliente.es\/de\/gemuesetextur\/","og_locale":"de_DE","og_type":"article","og_title":"Jardines de Sal","og_description":"Nuestros \"jardines\" de sal situados encima de un paisaje volc\u00e1nico dotan el lugar de colores, formando preciosos contrastes","og_url":"https:\/\/salinasdefuencaliente.es\/de\/gemuesetextur\/","og_site_name":"Salinas Marinas de Fuencaliente S.L.","article_published_time":"2023-12-21T15:12:02+00:00","article_modified_time":"2024-02-23T17:47:08+00:00","og_image":[{"width":1440,"height":960,"url":"https:\/\/salinasdefuencaliente.es\/wp-content\/uploads\/2023\/05\/jardines-sal.jpg","type":"image\/jpeg"}],"author":"Salinas Fuencaliente","twitter_card":"summary_large_image","twitter_title":"Jardines de Sal","twitter_description":"Nuestros \"jardines\" de sal situados encima de un paisaje volc\u00e1nico dotan el lugar de colores, formando preciosos contrastes","twitter_image":"https:\/\/salinasdefuencaliente.es\/wp-content\/uploads\/2023\/05\/jardines-sal.jpg","twitter_misc":{"Verfasst von":"Salinas Fuencaliente","Gesch\u00e4tzte Lesezeit":"1\u00a0Minute"},"schema":{"@context":"https:\/\/schema.org","@graph":[{"@type":"WebPage","@id":"https:\/\/salinasdefuencaliente.es\/de\/gemuesetextur\/","url":"https:\/\/salinasdefuencaliente.es\/de\/gemuesetextur\/","name":"Gem\u00fcsetextur - Salinas Marinas de Fuencaliente S.L.","isPartOf":{"@id":"https:\/\/salinasdefuencaliente.es\/#website"},"datePublished":"2023-12-21T15:12:02+00:00","dateModified":"2024-02-23T17:47:08+00:00","author":{"@id":"https:\/\/salinasdefuencaliente.es\/#\/schema\/person\/5bafdd860f4b9d9449a3d044ca1bb51a"},"description":"Ein Gericht, das eine vielf\u00e4ltige Auswahl an Gem\u00fcse vereint, wobei jedes einer Vielzahl von Kochtechniken unterzogen wird, um ..","breadcrumb":{"@id":"https:\/\/salinasdefuencaliente.es\/de\/gemuesetextur\/#breadcrumb"},"inLanguage":"de","potentialAction":[{"@type":"ReadAction","target":["https:\/\/salinasdefuencaliente.es\/de\/gemuesetextur\/"]}]},{"@type":"BreadcrumbList","@id":"https:\/\/salinasdefuencaliente.es\/de\/gemuesetextur\/#breadcrumb","itemListElement":[{"@type":"ListItem","position":1,"name":"Portada","item":"https:\/\/salinasdefuencaliente.es\/de\/"},{"@type":"ListItem","position":2,"name":"Gem\u00fcsetextur"}]},{"@type":"WebSite","@id":"https:\/\/salinasdefuencaliente.es\/#website","url":"https:\/\/salinasdefuencaliente.es\/","name":"Salinas Marinas de Fuencaliente S.L.","description":"Un lugar donde el blanco y el negro se funde para dar vida. Salinas artesanales, en la Isla de La Palma, Canarias","potentialAction":[{"@type":"SearchAction","target":{"@type":"EntryPoint","urlTemplate":"https:\/\/salinasdefuencaliente.es\/?s={search_term_string}"},"query-input":"required name=search_term_string"}],"inLanguage":"de"},{"@type":"Person","@id":"https:\/\/salinasdefuencaliente.es\/#\/schema\/person\/5bafdd860f4b9d9449a3d044ca1bb51a","name":"Salinas Fuencaliente","image":{"@type":"ImageObject","inLanguage":"de","@id":"https:\/\/salinasdefuencaliente.es\/#\/schema\/person\/image\/","url":"https:\/\/secure.gravatar.com\/avatar\/ab47216f4035c5f8cf981e5fdfaa69d3?s=96&d=mm&r=g","contentUrl":"https:\/\/secure.gravatar.com\/avatar\/ab47216f4035c5f8cf981e5fdfaa69d3?s=96&d=mm&r=g","caption":"Salinas Fuencaliente"},"url":"https:\/\/salinasdefuencaliente.es\/de\/author\/salinas-fuencaliente\/"}]}},"_links":{"self":[{"href":"https:\/\/salinasdefuencaliente.es\/de\/wp-json\/wp\/v2\/posts\/3110"}],"collection":[{"href":"https:\/\/salinasdefuencaliente.es\/de\/wp-json\/wp\/v2\/posts"}],"about":[{"href":"https:\/\/salinasdefuencaliente.es\/de\/wp-json\/wp\/v2\/types\/post"}],"author":[{"embeddable":true,"href":"https:\/\/salinasdefuencaliente.es\/de\/wp-json\/wp\/v2\/users\/7"}],"replies":[{"embeddable":true,"href":"https:\/\/salinasdefuencaliente.es\/de\/wp-json\/wp\/v2\/comments?post=3110"}],"version-history":[{"count":3,"href":"https:\/\/salinasdefuencaliente.es\/de\/wp-json\/wp\/v2\/posts\/3110\/revisions"}],"predecessor-version":[{"id":3117,"href":"https:\/\/salinasdefuencaliente.es\/de\/wp-json\/wp\/v2\/posts\/3110\/revisions\/3117"}],"wp:featuredmedia":[{"embeddable":true,"href":"https:\/\/salinasdefuencaliente.es\/de\/wp-json\/wp\/v2\/media\/2977"}],"wp:attachment":[{"href":"https:\/\/salinasdefuencaliente.es\/de\/wp-json\/wp\/v2\/media?parent=3110"}],"wp:term":[{"taxonomy":"category","embeddable":true,"href":"https:\/\/salinasdefuencaliente.es\/de\/wp-json\/wp\/v2\/categories?post=3110"},{"taxonomy":"post_tag","embeddable":true,"href":"https:\/\/salinasdefuencaliente.es\/de\/wp-json\/wp\/v2\/tags?post=3110"}],"curies":[{"name":"wp","href":"https:\/\/api.w.org\/{rel}","templated":true}]}}