{"id":3061,"date":"2024-02-11T19:51:01","date_gmt":"2024-02-11T19:51:01","guid":{"rendered":"https:\/\/salinasdefuencaliente.es\/?p=3061"},"modified":"2024-02-23T18:10:11","modified_gmt":"2024-02-23T18:10:11","slug":"unsere-salzpfannen","status":"publish","type":"post","link":"https:\/\/salinasdefuencaliente.es\/de\/unsere-salzpfannen\/","title":{"rendered":"Unsere Salzpfannen"},"content":{"rendered":"<div class=\"xdj266r x11i5rnm xat24cr x1mh8g0r x1vvkbs x126k92a\">\n<div class=\"xdj266r x11i5rnm xat24cr x1mh8g0r x1vvkbs x126k92a\">\n<div dir=\"auto\">\n<div class=\"flex-1 overflow-hidden\">\n<div class=\"react-scroll-to-bottom--css-bbxhw-79elbk h-full\">\n<div class=\"react-scroll-to-bottom--css-bbxhw-1n7m0yu\">\n<div class=\"flex flex-col pb-9 text-sm\">\n<div class=\"w-full text-token-text-primary\" data-testid=\"conversation-turn-7\">\n<div class=\"px-4 py-2 justify-center text-base md:gap-6 m-auto\">\n<div class=\"flex flex-1 text-base mx-auto gap-3 md:px-5 lg:px-1 xl:px-5 md:max-w-3xl lg:max-w-[40rem] xl:max-w-[48rem] group final-completion\">\n<div class=\"relative flex w-full flex-col lg:w-[calc(100%-115px)] agent-turn\">\n<div class=\"flex-col gap-1 md:gap-3\">\n<div class=\"flex flex-grow flex-col max-w-full\">\n<div class=\"min-h-[20px] text-message flex flex-col items-start gap-3 whitespace-pre-wrap break-words [.text-message+&amp;]:mt-5 overflow-x-auto\" data-message-author-role=\"assistant\" data-message-id=\"ffcadca7-ade2-4a65-b2a5-4bb0d721e5e4\">\n<div class=\"markdown prose w-full break-words dark:prose-invert light\">\n<p>Eine Landschaft der Kontraste: Unsere Salzpfannen sind ein wahres Juwel von landschaftlichem Wert. Die Farbpalette erstreckt sich von tiefem Blau bis zu verschiedenen Nuancen, die im Prozess der Salzbildung entstehen. Genie\u00dfen Sie eine gastronomische Erfahrung, eingeh\u00fcllt in die extreme Sch\u00f6nheit der Natur.<\/p>\n<\/div>\n<\/div>\n<\/div>\n<\/div>\n<\/div>\n<\/div>\n<\/div>\n<\/div>\n<\/div>\n<\/div>\n<\/div>\n<\/div>\n<\/div>\n<\/div>\n<div class=\"x11i5rnm xat24cr x1mh8g0r x1vvkbs xtlvy1s x126k92a\">\n<div dir=\"auto\"><span class=\"x3nfvp2 x1j61x8r x1fcty0u xdj266r xhhsvwb xat24cr xgzva0m xxymvpz xlup9mm x1kky2od\"><img decoding=\"async\" loading=\"lazy\" class=\"xz74otr\" src=\"https:\/\/static.xx.fbcdn.net\/images\/emoji.php\/v9\/tb6\/1.5\/16\/1f4f7.png\" alt=\"\" width=\"16\" height=\"16\" \/><\/span>: <a class=\"x1i10hfl xjbqb8w x1ejq31n xd10rxx x1sy0etr x17r0tee x972fbf xcfux6l x1qhh985 xm0m39n x9f619 x1ypdohk xt0psk2 xe8uvvx xdj266r x11i5rnm xat24cr x1mh8g0r xexx8yu x4uap5 x18d9i69 xkhd6sd x16tdsg8 x1hl2dhg xggy1nq x1a2a7pz xt0b8zv x1fey0fg\" tabindex=\"0\" role=\"link\" href=\"https:\/\/l.facebook.com\/l.php?u=https%3A%2F%2Fwww.instagram.com%2F_u%2Fdanyhr91%3Ffbclid%3DIwAR1NKl6-ibCiHpkj9N8_G2sx_iUT_5iA_UY93CUjA-O_izOF6ftJKwH2E5M&amp;h=AT1yk7Ub3GMbPdwIy51LFtYOYAZuMS5CZnAzCMaTQOgokG1UU42px5wIkTnV3skyCZHMIAOVLVuESlAzsRTzEJRVG-giJrZS5lsODVkwtcVgdN-d-QuURGMdGqszYk_mgBoL&amp;__tn__=-UK-R&amp;c[0]=AT0qYh1cSiY4t670MSK3EYQEq8VOkeTZh9qjdwI9RKmVce5xeDYYUXEgyGwyFVobYnYD2fevKnOcS6CvcXxHGfkvrB6da9qBWHd8C0fGOJCE5X1XRE0cTC6JZVI-IhjYz3ZhMt6L8UwRSIgZaOpR6Z-eiwCr2rk5fj6NCaHbHbEE_oDGSg9si-zQe3ta-jwE_fJLlkuCniaN\" target=\"_blank\" rel=\"nofollow noopener noreferrer\" data-abc=\"true\">@danyhr91<\/a><\/div>\n<\/div>\n<div class=\"x11i5rnm xat24cr x1mh8g0r x1vvkbs xtlvy1s x126k92a\"><\/div>\n<\/div>\n","protected":false},"excerpt":{"rendered":"<p>Eine Landschaft der Kontraste: Unsere Salzpfannen sind ein wahres Juwel von landschaftlichem Wert.<\/p>\n","protected":false},"author":7,"featured_media":3046,"comment_status":"closed","ping_status":"closed","sticky":false,"template":"","format":"standard","meta":[],"categories":[8],"tags":[230],"yoast_head":"<!-- This site is optimized with the Yoast SEO plugin v21.6 - https:\/\/yoast.com\/wordpress\/plugins\/seo\/ -->\n<title>Unsere Salzpfannen - Salinas Marinas de Fuencaliente S.L.<\/title>\n<meta name=\"description\" content=\"Eine Landschaft der Kontraste: Unsere Salzpfannen sind ein wahres Juwel von landschaftlichem Wert.\" \/>\n<meta name=\"robots\" content=\"index, follow, max-snippet:-1, max-image-preview:large, max-video-preview:-1\" \/>\n<link rel=\"canonical\" href=\"https:\/\/salinasdefuencaliente.es\/de\/unsere-salzpfannen\/\" \/>\n<meta property=\"og:locale\" content=\"de_DE\" \/>\n<meta property=\"og:type\" content=\"article\" \/>\n<meta property=\"og:title\" content=\"Jardines de Sal\" \/>\n<meta property=\"og:description\" content=\"Nuestros &quot;jardines&quot; de sal situados encima de un paisaje volc\u00e1nico dotan el lugar de colores, formando preciosos contrastes\" \/>\n<meta property=\"og:url\" content=\"https:\/\/salinasdefuencaliente.es\/de\/unsere-salzpfannen\/\" \/>\n<meta property=\"og:site_name\" content=\"Salinas Marinas de Fuencaliente S.L.\" \/>\n<meta property=\"article:published_time\" content=\"2024-02-11T19:51:01+00:00\" \/>\n<meta property=\"article:modified_time\" content=\"2024-02-23T18:10:11+00:00\" \/>\n<meta property=\"og:image\" content=\"https:\/\/salinasdefuencaliente.es\/wp-content\/uploads\/2023\/05\/jardines-sal.jpg\" \/>\n\t<meta property=\"og:image:width\" content=\"1440\" \/>\n\t<meta property=\"og:image:height\" content=\"960\" \/>\n\t<meta property=\"og:image:type\" content=\"image\/jpeg\" \/>\n<meta name=\"author\" content=\"Salinas Fuencaliente\" \/>\n<meta name=\"twitter:card\" content=\"summary_large_image\" \/>\n<meta name=\"twitter:title\" content=\"Jardines de Sal\" \/>\n<meta name=\"twitter:description\" content=\"Nuestros &quot;jardines&quot; de sal situados encima de un paisaje volc\u00e1nico dotan el lugar de colores, formando preciosos contrastes\" \/>\n<meta name=\"twitter:image\" content=\"https:\/\/salinasdefuencaliente.es\/wp-content\/uploads\/2023\/05\/jardines-sal.jpg\" \/>\n<meta name=\"twitter:label1\" content=\"Verfasst von\" \/>\n\t<meta name=\"twitter:data1\" content=\"Salinas Fuencaliente\" \/>\n\t<meta name=\"twitter:label2\" content=\"Gesch\u00e4tzte Lesezeit\" \/>\n\t<meta name=\"twitter:data2\" content=\"1\u00a0Minute\" \/>\n<script type=\"application\/ld+json\" class=\"yoast-schema-graph\">{\"@context\":\"https:\/\/schema.org\",\"@graph\":[{\"@type\":\"WebPage\",\"@id\":\"https:\/\/salinasdefuencaliente.es\/de\/unsere-salzpfannen\/\",\"url\":\"https:\/\/salinasdefuencaliente.es\/de\/unsere-salzpfannen\/\",\"name\":\"Unsere Salzpfannen - Salinas Marinas de Fuencaliente S.L.\",\"isPartOf\":{\"@id\":\"https:\/\/salinasdefuencaliente.es\/#website\"},\"datePublished\":\"2024-02-11T19:51:01+00:00\",\"dateModified\":\"2024-02-23T18:10:11+00:00\",\"author\":{\"@id\":\"https:\/\/salinasdefuencaliente.es\/#\/schema\/person\/5bafdd860f4b9d9449a3d044ca1bb51a\"},\"description\":\"Eine Landschaft der Kontraste: Unsere Salzpfannen sind ein wahres Juwel von landschaftlichem Wert.\",\"breadcrumb\":{\"@id\":\"https:\/\/salinasdefuencaliente.es\/de\/unsere-salzpfannen\/#breadcrumb\"},\"inLanguage\":\"de\",\"potentialAction\":[{\"@type\":\"ReadAction\",\"target\":[\"https:\/\/salinasdefuencaliente.es\/de\/unsere-salzpfannen\/\"]}]},{\"@type\":\"BreadcrumbList\",\"@id\":\"https:\/\/salinasdefuencaliente.es\/de\/unsere-salzpfannen\/#breadcrumb\",\"itemListElement\":[{\"@type\":\"ListItem\",\"position\":1,\"name\":\"Portada\",\"item\":\"https:\/\/salinasdefuencaliente.es\/de\/\"},{\"@type\":\"ListItem\",\"position\":2,\"name\":\"Unsere Salzpfannen\"}]},{\"@type\":\"WebSite\",\"@id\":\"https:\/\/salinasdefuencaliente.es\/#website\",\"url\":\"https:\/\/salinasdefuencaliente.es\/\",\"name\":\"Salinas Marinas de Fuencaliente S.L.\",\"description\":\"Un lugar donde el blanco y el negro se funde para dar vida. Salinas artesanales, en la Isla de La Palma, Canarias\",\"potentialAction\":[{\"@type\":\"SearchAction\",\"target\":{\"@type\":\"EntryPoint\",\"urlTemplate\":\"https:\/\/salinasdefuencaliente.es\/?s={search_term_string}\"},\"query-input\":\"required name=search_term_string\"}],\"inLanguage\":\"de\"},{\"@type\":\"Person\",\"@id\":\"https:\/\/salinasdefuencaliente.es\/#\/schema\/person\/5bafdd860f4b9d9449a3d044ca1bb51a\",\"name\":\"Salinas Fuencaliente\",\"image\":{\"@type\":\"ImageObject\",\"inLanguage\":\"de\",\"@id\":\"https:\/\/salinasdefuencaliente.es\/#\/schema\/person\/image\/\",\"url\":\"https:\/\/secure.gravatar.com\/avatar\/ab47216f4035c5f8cf981e5fdfaa69d3?s=96&d=mm&r=g\",\"contentUrl\":\"https:\/\/secure.gravatar.com\/avatar\/ab47216f4035c5f8cf981e5fdfaa69d3?s=96&d=mm&r=g\",\"caption\":\"Salinas Fuencaliente\"},\"url\":\"https:\/\/salinasdefuencaliente.es\/de\/author\/salinas-fuencaliente\/\"}]}<\/script>\n<!-- \/ Yoast SEO plugin. -->","yoast_head_json":{"title":"Unsere Salzpfannen - Salinas Marinas de Fuencaliente S.L.","description":"Eine Landschaft der Kontraste: Unsere Salzpfannen sind ein wahres Juwel von landschaftlichem Wert.","robots":{"index":"index","follow":"follow","max-snippet":"max-snippet:-1","max-image-preview":"max-image-preview:large","max-video-preview":"max-video-preview:-1"},"canonical":"https:\/\/salinasdefuencaliente.es\/de\/unsere-salzpfannen\/","og_locale":"de_DE","og_type":"article","og_title":"Jardines de Sal","og_description":"Nuestros \"jardines\" de sal situados encima de un paisaje volc\u00e1nico dotan el lugar de colores, formando preciosos contrastes","og_url":"https:\/\/salinasdefuencaliente.es\/de\/unsere-salzpfannen\/","og_site_name":"Salinas Marinas de Fuencaliente S.L.","article_published_time":"2024-02-11T19:51:01+00:00","article_modified_time":"2024-02-23T18:10:11+00:00","og_image":[{"width":1440,"height":960,"url":"https:\/\/salinasdefuencaliente.es\/wp-content\/uploads\/2023\/05\/jardines-sal.jpg","type":"image\/jpeg"}],"author":"Salinas Fuencaliente","twitter_card":"summary_large_image","twitter_title":"Jardines de Sal","twitter_description":"Nuestros \"jardines\" de sal situados encima de un paisaje volc\u00e1nico dotan el lugar de colores, formando preciosos contrastes","twitter_image":"https:\/\/salinasdefuencaliente.es\/wp-content\/uploads\/2023\/05\/jardines-sal.jpg","twitter_misc":{"Verfasst von":"Salinas Fuencaliente","Gesch\u00e4tzte Lesezeit":"1\u00a0Minute"},"schema":{"@context":"https:\/\/schema.org","@graph":[{"@type":"WebPage","@id":"https:\/\/salinasdefuencaliente.es\/de\/unsere-salzpfannen\/","url":"https:\/\/salinasdefuencaliente.es\/de\/unsere-salzpfannen\/","name":"Unsere Salzpfannen - Salinas Marinas de Fuencaliente S.L.","isPartOf":{"@id":"https:\/\/salinasdefuencaliente.es\/#website"},"datePublished":"2024-02-11T19:51:01+00:00","dateModified":"2024-02-23T18:10:11+00:00","author":{"@id":"https:\/\/salinasdefuencaliente.es\/#\/schema\/person\/5bafdd860f4b9d9449a3d044ca1bb51a"},"description":"Eine Landschaft der Kontraste: Unsere Salzpfannen sind ein wahres Juwel von landschaftlichem Wert.","breadcrumb":{"@id":"https:\/\/salinasdefuencaliente.es\/de\/unsere-salzpfannen\/#breadcrumb"},"inLanguage":"de","potentialAction":[{"@type":"ReadAction","target":["https:\/\/salinasdefuencaliente.es\/de\/unsere-salzpfannen\/"]}]},{"@type":"BreadcrumbList","@id":"https:\/\/salinasdefuencaliente.es\/de\/unsere-salzpfannen\/#breadcrumb","itemListElement":[{"@type":"ListItem","position":1,"name":"Portada","item":"https:\/\/salinasdefuencaliente.es\/de\/"},{"@type":"ListItem","position":2,"name":"Unsere Salzpfannen"}]},{"@type":"WebSite","@id":"https:\/\/salinasdefuencaliente.es\/#website","url":"https:\/\/salinasdefuencaliente.es\/","name":"Salinas Marinas de Fuencaliente S.L.","description":"Un lugar donde el blanco y el negro se funde para dar vida. Salinas artesanales, en la Isla de La Palma, Canarias","potentialAction":[{"@type":"SearchAction","target":{"@type":"EntryPoint","urlTemplate":"https:\/\/salinasdefuencaliente.es\/?s={search_term_string}"},"query-input":"required name=search_term_string"}],"inLanguage":"de"},{"@type":"Person","@id":"https:\/\/salinasdefuencaliente.es\/#\/schema\/person\/5bafdd860f4b9d9449a3d044ca1bb51a","name":"Salinas Fuencaliente","image":{"@type":"ImageObject","inLanguage":"de","@id":"https:\/\/salinasdefuencaliente.es\/#\/schema\/person\/image\/","url":"https:\/\/secure.gravatar.com\/avatar\/ab47216f4035c5f8cf981e5fdfaa69d3?s=96&d=mm&r=g","contentUrl":"https:\/\/secure.gravatar.com\/avatar\/ab47216f4035c5f8cf981e5fdfaa69d3?s=96&d=mm&r=g","caption":"Salinas Fuencaliente"},"url":"https:\/\/salinasdefuencaliente.es\/de\/author\/salinas-fuencaliente\/"}]}},"_links":{"self":[{"href":"https:\/\/salinasdefuencaliente.es\/de\/wp-json\/wp\/v2\/posts\/3061"}],"collection":[{"href":"https:\/\/salinasdefuencaliente.es\/de\/wp-json\/wp\/v2\/posts"}],"about":[{"href":"https:\/\/salinasdefuencaliente.es\/de\/wp-json\/wp\/v2\/types\/post"}],"author":[{"embeddable":true,"href":"https:\/\/salinasdefuencaliente.es\/de\/wp-json\/wp\/v2\/users\/7"}],"replies":[{"embeddable":true,"href":"https:\/\/salinasdefuencaliente.es\/de\/wp-json\/wp\/v2\/comments?post=3061"}],"version-history":[{"count":2,"href":"https:\/\/salinasdefuencaliente.es\/de\/wp-json\/wp\/v2\/posts\/3061\/revisions"}],"predecessor-version":[{"id":3155,"href":"https:\/\/salinasdefuencaliente.es\/de\/wp-json\/wp\/v2\/posts\/3061\/revisions\/3155"}],"wp:featuredmedia":[{"embeddable":true,"href":"https:\/\/salinasdefuencaliente.es\/de\/wp-json\/wp\/v2\/media\/3046"}],"wp:attachment":[{"href":"https:\/\/salinasdefuencaliente.es\/de\/wp-json\/wp\/v2\/media?parent=3061"}],"wp:term":[{"taxonomy":"category","embeddable":true,"href":"https:\/\/salinasdefuencaliente.es\/de\/wp-json\/wp\/v2\/categories?post=3061"},{"taxonomy":"post_tag","embeddable":true,"href":"https:\/\/salinasdefuencaliente.es\/de\/wp-json\/wp\/v2\/tags?post=3061"}],"curies":[{"name":"wp","href":"https:\/\/api.w.org\/{rel}","templated":true}]}}